{"id":4932,"date":"2020-10-30T16:25:41","date_gmt":"2020-10-30T15:25:41","guid":{"rendered":"https:\/\/www.tulisa.org\/?p=4932"},"modified":"2020-12-30T16:31:49","modified_gmt":"2020-12-30T15:31:49","slug":"gemeinsam-veraendern-wir-das-gesicht-der-welt","status":"publish","type":"post","link":"https:\/\/www.tulisa.org\/en\/presse\/gemeinsam-veraendern-wir-das-gesicht-der-welt","title":{"rendered":"MHM &#8211; Gemeinsam ver\u00e4ndern wir das Gesicht der Welt"},"content":{"rendered":"<p><img src=\"http:\/\/www.tulisa.org\/wp-content\/uploads\/2019\/09\/fb5cb950-30bd-4b0a-a00e-4a2e028c4ec3-1024x254.jpg\" alt=\"\" width=\"98%\" class=\"aligncenter wp-image-3927\" srcset=\"https:\/\/www.tulisa.org\/wp-content\/uploads\/2019\/09\/fb5cb950-30bd-4b0a-a00e-4a2e028c4ec3-1024x254.jpg 1024w, https:\/\/www.tulisa.org\/wp-content\/uploads\/2019\/09\/fb5cb950-30bd-4b0a-a00e-4a2e028c4ec3-300x74.jpg 300w, https:\/\/www.tulisa.org\/wp-content\/uploads\/2019\/09\/fb5cb950-30bd-4b0a-a00e-4a2e028c4ec3-768x190.jpg 768w, https:\/\/www.tulisa.org\/wp-content\/uploads\/2019\/09\/fb5cb950-30bd-4b0a-a00e-4a2e028c4ec3.jpg 1772w\" sizes=\"(max-width: 1024px) 100vw, 1024px\" \/><\/p>\n<div class=\"clear\"><\/div>\n<p><strong class=\"alignright\">Helfen macht gl\u00fccklich!<\/strong><\/p>\n<div class=\"clear\"><\/div>\n<p><strong>Der 31. August<\/strong><\/p>\n<p>Dieser Tag ist immer ein besonderer, da er der Geburtstag meiner Schwester Tina ist. Doch er sollte im Jahr 2020 in vielerlei Hinsicht noch besonderer werden. Wir hatten an diesem Tag f\u00fcnf Geburten und keine davon war, wie man sie sich w\u00fcnscht. Doch eine Familie bleibt uns eng verbunden.<\/p>\n<p>Insgesamt hatten wir drei Kaiserschnitte, eine Saugglocken-Geburt, bei der Frau, die ihr Kind &#8220;normal&#8221; zur Welt brachte, war es eine Fr\u00fchgeburt.<\/p>\n<p>Das Fr\u00fchchen ist gut gewachsen und wurde innerhalb von zwei Wochen entlassen. Das Baby mit der Saugglocke hatte ebenfalls keine Probleme und konnte nach ein paar Tagen mit nach Hause genommen werden.<br \/>\n<img src=\"http:\/\/www.tulisa.org\/wp-content\/uploads\/2020\/12\/fruehchen.jpeg\" alt=\"\" width=\"43%\" class=\"alignleft size-medium\"><img src=\"http:\/\/www.tulisa.org\/wp-content\/uploads\/2020\/12\/happy_mummy.jpeg\" alt=\"\" width=\"43%\" class=\"alignleft size-medium\"><\/p>\n<div class=\"clear\"><\/div>\n<p><span style=\"font-size:0.8em\">Foto links: Das Fr\u00fchgeborene, es konnte bereits nach 2 Wochen nach Hause<br \/>\nFoto rechts: Mein Baby lebt! Eine erleichterte Mama nach der Saugglocken-Geburt<\/span><\/p>\n<hr>\n<p>Eine Herausforderung waren die Kaiserschnitte: eine sehr junge Mama hatte ein zu kleines Becken, um ihr Baby auf normalem Weg auf die Welt zu bringen. Immer wieder sehen wir sehr junge Schwangere: 13, 14, 15 Jahre jung. F\u00fcr uns ist in diesem Moment auch der Wunsch entstanden mit verschiedenen Einrichtungen &#8211; die junge M\u00e4dchen betreuen &#8211; zusammen zu arbeiten und Aufkl\u00e4rungsarbeit zu leisten.<\/p>\n<p>Eine andere Frau hatte beim ersten Kind einen Kaiserschnitt und dennoch ist das Baby leider wegen Sauerstoffmangel verstorben (nicht bei uns). Nun lag sie bei uns in den Wehen und pl\u00f6tzlich lag das Kind quer(!). Das war f\u00fcr uns ein Alarmzeichen und wir entschieden uns f\u00fcr einen Kaiserschnitt. Mama und Baby waren gesund und munter und sehr zufrieden. Allerdings bedeutet das, dass jedes weitere Kind dieser Frau auch per Kaiserschnitt geboren werden muss. Und damit kann sie nur noch zwei weitere Kinder bekommen. Somit ist die Entscheidung zum Kaiserschnitt immer ein gro\u00dfes einschneidendes Erlebnis f\u00fcr die Familienplanung.<\/p>\n<p><img src=\"http:\/\/www.tulisa.org\/wp-content\/uploads\/2020\/10\/baby_from_very_young_woman.jpeg\" alt=\"\" width=\"90%\" class=\"size-medium\"><\/p>\n<div class=\"clear\"><\/div>\n<p><span style=\"font-size:0.8em\">Das gesunde Neugeborene der ganz jungen Mutter, welches per Kaiserschnitt auf die Welt geholt wurde<\/span><\/p>\n<hr>\n<p><strong>Und dann kam Lalao&#8230;<\/strong><\/p>\n<p>&#8230;deren erstes Baby gesund und munter ist &#8211; ein kleines M\u00e4dchen. Ihr zweites Baby (ein kleiner Junge) ist leider an einem Wasserkopf verstorben. Auch das Baby, welches sie jetzt in ihrem Bauch hatte, litt an einem Wasserkopf und somit war auch hier ein Kaiserschnitt erforderlich. Lalao hatte Angst und weinte viel. Wir begleiteten sie und versprachen ihr, alles was in unserer Macht steht zu tun, um ihr und ihrem Baby zu helfen.<\/p>\n<p>Der kleine Tanjoniaina wurde mit einem Kopfumfang von 45,5cm geboren. Wenn bei uns ein medizinischer Fall auftritt, der \u00fcber unsere lokal vorhandenen Kompetenzen hinausgeht, passieren immer zwei Dinge:<br \/>\n1) zum Einen, sind wir in Kontakt mit einem Mitglied des \u201aMHM Medical Board of Directors\u2018 in Deutschland, in diesem Fall Dr. Kristina Stuchlik.<br \/>\n2) Zum Anderen haben wir Kontakt zu dem Neurochirurgen hier vor Ort in Madagaskar aufgenommen und alles vorbereitet, damit der kleine Tanjoniaina gut betreut und bald operiert werden k\u00f6nnte.<\/p>\n<p>Wir machten einen Ultraschall, um die Durchblutung im Gehirn zu beurteilen, ma\u00dfen t\u00e4glich den Kopfumfang und den Ohr-zu-Ohr-Abstand, kontrollierten das Gewicht und \u00fcbermittelten alle Daten an die betreuenden \u00c4rzte.<br \/>\n<img src=\"http:\/\/www.tulisa.org\/wp-content\/uploads\/2020\/12\/laola_with_tanja.jpeg\" alt=\"\" width=\"43%\" class=\"alignleft size-medium\"><img src=\"http:\/\/www.tulisa.org\/wp-content\/uploads\/2020\/12\/tanjoniaina1.jpeg\" alt=\"\" width=\"43%\" class=\"alignleft size-medium\"><\/p>\n<div class=\"clear\"><\/div>\n<p><span style=\"font-size:0.8em\">Foto links: Laola mit Tanja vor der Operation<br \/>\nFoto rechts: der neugeborene Tanjoniaina<\/span><br \/>\n<img src=\"http:\/\/www.tulisa.org\/wp-content\/uploads\/2020\/12\/laola_with_tanjoniaina1-e1609257379553.jpeg\" alt=\"\" width=\"43%\" class=\"alignleft size-medium\"><img src=\"http:\/\/www.tulisa.org\/wp-content\/uploads\/2020\/12\/laola_with_tanjoniaina2.jpeg\" alt=\"\" width=\"43%\" class=\"alignleft size-medium\"><\/p>\n<div class=\"clear\"><\/div>\n<p><span style=\"font-size:0.8em\">Das erste Kennenlernen: zwischen Freude, Trauer und Sorge<\/span><br \/>\n<img src=\"http:\/\/www.tulisa.org\/wp-content\/uploads\/2020\/12\/group_of_doctors.png\" alt=\"\" width=\"43%\" class=\"alignleft size-medium\"><img src=\"http:\/\/www.tulisa.org\/wp-content\/uploads\/2020\/12\/nurse_with_heart.png\" alt=\"\" width=\"43%\" class=\"alignleft size-medium\"><\/p>\n<div class=\"clear\"><\/div>\n<p><span style=\"font-size:0.8em\">Foto links: Der An\u00e4sthesist Andry und die \u00c4rzte Dr. Ivon und Dr. Joselitto nach getaner Arbeit am sp\u00e4ten Abend<br \/>\nFoto rechts: Unser Team ist mit Herz &amp; Seele dabei &lt;3<\/span><\/p>\n<div class=\"clear\"><\/div>\n<p>Am 18. Oktober mussten wir feststellen, dass der Kopfumfang des Kleinen innerhalb von zwei Tagen um 3cm zugenommen hatte. Das veranlasste den Neurochirurgen die Operation vorzuziehen. Eine Narkose an einem so kleinen Baby ist immer ein gro\u00dfes Risiko, doch der Druck im Kopf war das gr\u00f6\u00dfere Risiko f\u00fcr das Baby und somit musste die OP am 21. Oktober erfolgen.<br \/>\n<img src=\"http:\/\/www.tulisa.org\/wp-content\/uploads\/2020\/12\/tanjoniaina1.jpeg\" alt=\"\" width=\"43%\" class=\"alignleft size-medium\"><img src=\"http:\/\/www.tulisa.org\/wp-content\/uploads\/2020\/12\/tanjoniaina2.jpeg\" alt=\"\" width=\"43%\" class=\"alignleft size-medium\"><\/p>\n<div class=\"clear\"><\/div>\n<p>Wir lie\u00dfen Lalao und Tanjoniaina nicht alleine, sondern hatten jemanden von unserem Team den ganzen Tag bei ihr im Krankenhaus, der sie unterst\u00fctzte und bei der Logistik half. Erinnert ihr euch? F\u00fcr jede OP muss man st\u00e4ndig einkaufen und vor dem OP sitzen und Sachen nachreichen. Es gibt kein Vorrats-System wie bei uns in Deutschland.<\/p>\n<p>Am 24. Oktober konnte der kleine Tanjoniaina mit einem Stent im Kopf und zwei gen\u00e4hten Schnitten (einen am Kopf und einen am Bauch) entlassen werden und kam gleich am Folgetag zu uns zur Kontrolle. Wir kontrollierten per Ultraschall den Sitz des Stents und den Zustand der Wunden. Alles war sehr zufriedenstellend.<\/p>\n<p>Die \u00fcbergl\u00fcckliche Mama Lalao fiel mir mehr als einmal um den Hals und bedankte sich. Wieder liefen viele Tr\u00e4nen, doch dieses Mal waren es Freudentr\u00e4nen.<\/p>\n<p><strong>Wir sind sehr sehr dankbar, dass wir solche speziellen F\u00e4lle, die weit \u00fcber unsere Kompetenzen und M\u00f6glichkeiten hinausgehen, trotzdem gut betreuen und medizinische Eingriffe erm\u00f6glichen k\u00f6nnen. Das funktioniert aufgrund der gro\u00dfz\u00fcgigen Unterst\u00fctzung der Tulisa Stiftung. F\u00fcr medizinische F\u00e4lle, die Kinder betreffen, k\u00f6nnen wir Antr\u00e4ge auf finanzielle Unterst\u00fctzung stellen und eine solche Operation m\u00f6glich machen. Doch die vielen Kleinigkeiten drum herum, die werden durch euer Geben m\u00f6glich gemacht. Mit euren Spenden k\u00f6nnen wir Familien wie zum Beispiel Lalao und Tanjoniaina Dinge erm\u00f6glichen, von denen sie sonst nicht einmal tr\u00e4umen k\u00f6nnten. Ein Baby, das leben darf, aufgrund der gro\u00dfartigen Zusammenarbeit von Tulisa, und euch, liebe Spender und unserem Team hier vor Ort.<\/strong><br \/>\n<img src=\"http:\/\/www.tulisa.org\/wp-content\/uploads\/2020\/12\/tanjoniaina_before_op.jpeg\" alt=\"\" width=\"43%\" class=\"alignleft size-medium\"><img src=\"http:\/\/www.tulisa.org\/wp-content\/uploads\/2020\/12\/tanjoniaina_after_op.jpeg\" alt=\"\" width=\"43%\" class=\"alignleft size-medium\"><\/p>\n<div class=\"clear\"><\/div>\n<p><span style=\"font-size:0.8em\">Foto links: Tanjoniaina vor der Operation<br \/>\nFoto rechts: Tanjoniaina nach dem lebensrettenden Eingriff<\/span><\/p>\n<div class=\"clear\"><\/div>\n<p><img src=\"http:\/\/www.tulisa.org\/wp-content\/uploads\/2020\/12\/speech.jpeg\"><\/p>\n<hr>\n<div style=\"text-align:center; padding:15px; margin-top:15px; background-color:#333; color:#ddd;\">Ich m\u00f6chte euch bitten, immer wieder an uns zu denken und uns zu unterst\u00fctzen. Kein Betrag ist zu klein.<br \/>\nDenn gem\u00e4\u00df dem Sprichwort \u201eViele kleine Leute, an vielen kleinen Orten, die viele kleine Schritte tun, k\u00f6nnen das Gesicht der Welt ver\u00e4ndern\u201c, ver\u00e4ndern wir in und um Ambovo herum, gemeinsam das Gesicht der Welt.<br \/>\nHerzliche Gr\u00fc\u00dfe und vielen Dank!<br \/>\nEure<br \/>\nTanja Hock<\/div>\n<p><img src=\"http:\/\/www.tulisa.org\/wp-content\/uploads\/2020\/10\/tanja_with_newbornchild.jpeg\" style=\"border-radius:10px\" width=\"43%\" class=\"alignright size-medium wp-image-4104\"><img src=\"http:\/\/www.tulisa.org\/wp-content\/uploads\/2019\/09\/c5749a57-8eae-4072-9555-0407a12caff9-300x159.png\" alt=\"\" width=\"43%\" class=\"alignleft wp-image-3926\" srcset=\"https:\/\/www.tulisa.org\/wp-content\/uploads\/2019\/09\/c5749a57-8eae-4072-9555-0407a12caff9-300x159.png 300w, https:\/\/www.tulisa.org\/wp-content\/uploads\/2019\/09\/c5749a57-8eae-4072-9555-0407a12caff9-768x408.png 768w, https:\/\/www.tulisa.org\/wp-content\/uploads\/2019\/09\/c5749a57-8eae-4072-9555-0407a12caff9.png 838w\" sizes=\"(max-width: 300px) 100vw, 300px\" \/><\/p>\n<div class=\"clear\"><\/div>\n<div style=\"text-align:center; padding:15px; font-style:italic; margin-top:0; background-color:#333; color:#ddd; font-size:0.9em;\">Viele kleine Leute, an vielen kleinen Orten, die viele kleine Schritte tun, k\u00f6nnen das Gesicht der Welt ver\u00e4ndern. [Afrikanisches Sprichwort]<\/div>\n","protected":false},"excerpt":{"rendered":"<p>Helfen macht gl\u00fccklich! Der 31. August Dieser Tag ist immer ein besonderer, da er der Geburtstag meiner Schwester Tina ist. Doch er sollte im Jahr 2020 in vielerlei Hinsicht noch besonderer werden. Wir hatten an diesem Tag f\u00fcnf Geburten und &hellip; <a href=\"https:\/\/www.tulisa.org\/en\/presse\/gemeinsam-veraendern-wir-das-gesicht-der-welt\">Continue reading <span class=\"meta-nav\">&rarr;<\/span><\/a><\/p>\n","protected":false},"author":4,"featured_media":4939,"comment_status":"closed","ping_status":"open","sticky":false,"template":"","format":"standard","meta":{"ngg_post_thumbnail":0},"categories":[22],"tags":[],"_links":{"self":[{"href":"https:\/\/www.tulisa.org\/en\/wp-json\/wp\/v2\/posts\/4932"}],"collection":[{"href":"https:\/\/www.tulisa.org\/en\/wp-json\/wp\/v2\/posts"}],"about":[{"href":"https:\/\/www.tulisa.org\/en\/wp-json\/wp\/v2\/types\/post"}],"author":[{"embeddable":true,"href":"https:\/\/www.tulisa.org\/en\/wp-json\/wp\/v2\/users\/4"}],"replies":[{"embeddable":true,"href":"https:\/\/www.tulisa.org\/en\/wp-json\/wp\/v2\/comments?post=4932"}],"version-history":[{"count":50,"href":"https:\/\/www.tulisa.org\/en\/wp-json\/wp\/v2\/posts\/4932\/revisions"}],"predecessor-version":[{"id":5028,"href":"https:\/\/www.tulisa.org\/en\/wp-json\/wp\/v2\/posts\/4932\/revisions\/5028"}],"wp:featuredmedia":[{"embeddable":true,"href":"https:\/\/www.tulisa.org\/en\/wp-json\/wp\/v2\/media\/4939"}],"wp:attachment":[{"href":"https:\/\/www.tulisa.org\/en\/wp-json\/wp\/v2\/media?parent=4932"}],"wp:term":[{"taxonomy":"category","embeddable":true,"href":"https:\/\/www.tulisa.org\/en\/wp-json\/wp\/v2\/categories?post=4932"},{"taxonomy":"post_tag","embeddable":true,"href":"https:\/\/www.tulisa.org\/en\/wp-json\/wp\/v2\/tags?post=4932"}],"curies":[{"name":"wp","href":"https:\/\/api.w.org\/{rel}","templated":true}]}}