{"id":3356,"date":"2015-10-27T07:51:28","date_gmt":"2015-10-27T06:51:28","guid":{"rendered":"http:\/\/www.tulisa.org\/?p=3356"},"modified":"2016-03-17T09:13:36","modified_gmt":"2016-03-17T08:13:36","slug":"3342","status":"publish","type":"post","link":"https:\/\/www.tulisa.org\/en\/archiv-en\/3342","title":{"rendered":"Uns erreichten 2 Spendenaufrufe von &#8220;Herzverein&#8221;"},"content":{"rendered":"<p>Von unserer Partnerorganisation in La Paz\/Bolivien: <strong>HERZVEREIN \u2013 Verein zur Unterst\u00fctzung herz- und gef\u00e4\u00dfkranker Kinder in Bolivien e.V.<\/strong> (<a href=\"http:\/\/www.herzverein.de\">www.herzverein.de<\/a>) \u2013 erhielten wir Spendenaufrufe f\u00fcr 2 herzkranke operationspflichtige Kinder.<\/p>\n<p>Aber lesen Sie selbst:<br \/>\n&#8212;&#8212;&#8212;&#8212;&#8212;&#8212;&#8212;&#8212;&#8212;&#8212;&#8212;-<br \/>\n<strong>Deysi Marcani<\/strong><br \/>\n8 Monate altes Baby-M\u00e4dchen<br \/>\n<img loading=\"lazy\" src=\"http:\/\/www.tulisa.org\/wp-content\/uploads\/2015\/10\/deysi_marcani.jpg\" alt=\"deysi_marcani\" width=\"187\" height=\"250\" class=\"alignright size-full wp-image-3347\" \/><br \/>\nDeysi wurde am 15.02.2015 in La Paz geboren. Seit ihrer Geburt sind bei Deysi unterschiedliche Herzfehler bekannt. Leider wurde sie aber nie behandelt. Deysi hat zwei Herzkrankheiten: ein Vorhofseptumdefekt (bei diesem Herzfehler befindet sich in der Scheidewand zwischen dem rechten und dem linken Vorhof ein Loch) und ein Ventrikelseptumdefektst (ein Loch in der\u00a0Herzscheidewand)\u00a0.<br \/>\nDas M\u00e4dchen wurde mehrmals in Krankenhaus Arco Iris aufgenommen. Derzeit hat das Jugendamt die Vormundschaft des M\u00e4dchens, denn die Eltern wurden von den Nachbarn wegen Misshandlung angezeigt.<br \/>\nDas Jugendamt zusammen mit der Leitung des Krankenhauses suchten nach Behandlungsm\u00f6glichkeit, um Deysis Leben zu retten. Die Fundaci\u00f3n Cardioinfantil wurde vom Jugendamt am 28.09.2015 kontaktiert, um die Kosten der Operation zu finanzieren.<br \/>\nDie Eltern haben keinen festen Wohnort in La Paz. Die Familie lebt auf die Stra\u00dfe. Der Vater hat keine feste Arbeit. Die Mutter arbeitet auf der Stra\u00dfe als Autoputzer und verbrachte einige Monate im Gef\u00e4ngnis. <\/p>\n<p>Deysi hat einen OP-Termin f\u00fcr den 10.11.15 am Hospital Belga in Cochabamba. Die Fundaci\u00f3n Cardioinfantil in Zusammenarbeit mit der Fernsehsendung UNITEL haben 3.000 EUR f\u00fcr die Therapie aufgebracht. F\u00fcr den Rest ist Deysi komplett auf externe Unterst\u00fctzung angewiesen!<br \/>\n<strong>Bitte helfen Sie ihr!<\/strong><\/p>\n<p>&#8212;&#8212;&#8212;&#8212;&#8212;&#8212;&#8212;&#8212;&#8212;&#8212;&#8212;-<br \/>\n<strong>Angela Estrella Ticona Garcia<\/strong><br \/>\n2 Jahre altes M\u00e4dchen<\/p>\n<p><img loading=\"lazy\" src=\"http:\/\/www.tulisa.org\/wp-content\/uploads\/2016\/01\/angela_estrella2.jpg\" alt=\"angela_estrella2\" width=\"214\" height=\"161\" class=\"alignleft size-full wp-image-3391\" \/><br \/>\n<strong>Angela bereits erfolgreich operiert.<br \/>Mehr erfahren Sie unter <a href=\"http:\/\/www.tulisa.org\/en\/what-happend-to\/angela-estrella-ticona-garcia-eine-unserer-kleinen-herzpatientin-la-paz-endlich-herzen-operiert\">Was wurde aus<\/a>!<\/strong><\/p>\n","protected":false},"excerpt":{"rendered":"<p>Von unserer Partnerorganisation in La Paz\/Bolivien: HERZVEREIN \u2013 Verein zur Unterst\u00fctzung herz- und gef\u00e4\u00dfkranker Kinder in Bolivien e.V. (www.herzverein.de) \u2013 erhielten wir Spendenaufrufe f\u00fcr 2 herzkranke operationspflichtige Kinder. Aber lesen Sie selbst: &#8212;&#8212;&#8212;&#8212;&#8212;&#8212;&#8212;&#8212;&#8212;&#8212;&#8212;- Deysi Marcani 8 Monate altes Baby-M\u00e4dchen Deysi &hellip; <a href=\"https:\/\/www.tulisa.org\/en\/archiv-en\/3342\">Continue reading <span class=\"meta-nav\">&rarr;<\/span><\/a><\/p>\n","protected":false},"author":4,"featured_media":3343,"comment_status":"closed","ping_status":"open","sticky":false,"template":"","format":"standard","meta":{"ngg_post_thumbnail":0},"categories":[38],"tags":[],"_links":{"self":[{"href":"https:\/\/www.tulisa.org\/en\/wp-json\/wp\/v2\/posts\/3356"}],"collection":[{"href":"https:\/\/www.tulisa.org\/en\/wp-json\/wp\/v2\/posts"}],"about":[{"href":"https:\/\/www.tulisa.org\/en\/wp-json\/wp\/v2\/types\/post"}],"author":[{"embeddable":true,"href":"https:\/\/www.tulisa.org\/en\/wp-json\/wp\/v2\/users\/4"}],"replies":[{"embeddable":true,"href":"https:\/\/www.tulisa.org\/en\/wp-json\/wp\/v2\/comments?post=3356"}],"version-history":[{"count":5,"href":"https:\/\/www.tulisa.org\/en\/wp-json\/wp\/v2\/posts\/3356\/revisions"}],"predecessor-version":[{"id":3403,"href":"https:\/\/www.tulisa.org\/en\/wp-json\/wp\/v2\/posts\/3356\/revisions\/3403"}],"wp:featuredmedia":[{"embeddable":true,"href":"https:\/\/www.tulisa.org\/en\/wp-json\/wp\/v2\/media\/3343"}],"wp:attachment":[{"href":"https:\/\/www.tulisa.org\/en\/wp-json\/wp\/v2\/media?parent=3356"}],"wp:term":[{"taxonomy":"category","embeddable":true,"href":"https:\/\/www.tulisa.org\/en\/wp-json\/wp\/v2\/categories?post=3356"},{"taxonomy":"post_tag","embeddable":true,"href":"https:\/\/www.tulisa.org\/en\/wp-json\/wp\/v2\/tags?post=3356"}],"curies":[{"name":"wp","href":"https:\/\/api.w.org\/{rel}","templated":true}]}}