{"id":3111,"date":"2015-07-09T12:30:09","date_gmt":"2015-07-09T10:30:09","guid":{"rendered":"http:\/\/www.tulisa.org\/?p=3111"},"modified":"2015-07-28T14:12:35","modified_gmt":"2015-07-28T12:12:35","slug":"latest-news-victor-skin-disease-desperately-needs-support","status":"publish","type":"post","link":"https:\/\/www.tulisa.org\/en\/what-happend-to\/latest-news-victor-skin-disease-desperately-needs-support","title":{"rendered":"Victor is gradually ready for its prostheses"},"content":{"rendered":"<p>UPDATE Juli 2015<\/p>\n<p>Victor ist happy und nach einer langen Zeit mit einem Druckverband endlich bereit f\u00fcr seine Prothesen.<br \/>\n<img loading=\"lazy\" src=\"http:\/\/www.tulisa.org\/wp-content\/uploads\/2015\/06\/victor_erfolg_1.jpg\" alt=\"victor_erfolg_1\" width=\"225\" height=\"300\" class=\"alignleft size-full wp-image-3274\" \/><img loading=\"lazy\" src=\"http:\/\/www.tulisa.org\/wp-content\/uploads\/2015\/06\/victor_erfolg_2.jpg\" alt=\"victor_erfolg_2\" width=\"225\" height=\"300\" class=\"alignleft size-full wp-image-3275\" \/><\/p>\n<p><img loading=\"lazy\" src=\"http:\/\/www.tulisa.org\/wp-content\/uploads\/2015\/06\/victor_erfolg_3.jpg\" alt=\"victor_erfolg_3\" width=\"225\" height=\"300\" class=\"alignleft size-full wp-image-3276\" \/><img loading=\"lazy\" src=\"http:\/\/www.tulisa.org\/wp-content\/uploads\/2015\/06\/victor_erfolg_4.jpg\" alt=\"victor_erfolg_4\" width=\"225\" height=\"300\" class=\"alignleft size-full wp-image-3277\" \/><\/p>\n<p>Hierzu schrieb Dotty am 09.07.2015:<\/p>\n<blockquote><p>\nHi people,<br \/>\n&#8230;<br \/>\nI wish to bring to you Victor&#8217;s recent progress. He is doing well after the long period of dressing. The only thing is that the left stump was a bit wider than the right, so the advice was to tie it up to exert pressure so that it becomes smaller.<br \/>\nHe will be going for fitting of the shoes next week on the 13.07.2015. He is expected to be admitted for at most 10 days. They will need to assess and train him with the shoe and confirm he can walk well in them.<br \/>\nWe surely hope for the best. He has also been continuing psychological counseling and he is well. There was also a clarification that the previous type of shoe that was mentioned last, was from south Africa but is currently  not in the market.<br \/>\n&#8230;<\/p>\n<p>Thanks,<br \/>\nDottie\n<\/p><\/blockquote>\n<p>&#8212;&#8212;&#8212;&#8212;&#8212;&#8212;&#8212;&#8212;&#8212;&#8212;&#8212;&#8211;<br \/>\nBeitrag vom 2.6.2015:<\/p>\n<p><strong>Victor doing well after amputation<\/strong><\/p>\n<p>Wie Sie von unserer Fallseite vielleicht noch wissen, litt der 12 j\u00e4hrige Victor an einer schweren chronischen Infektion beider Unterschenkel. Ein Schulbesuch, den er sich so sehr w\u00fcnschte, war durch seine massive Gehbehinderung unm\u00f6glich.<\/p>\n<p>Letztlich haben sich unsere Chirurgen dazu entschliessen m\u00fcssen, beide Unterschenkel zu amputieren: denn eine bestehende Knocheneiterung war nicht mehr antibiotisch zu heilen. Wenn auch das Ergebnis furchtbar erscheint, hat Viktor jetzt die Chance \u2013 mit Unterschenkelprothesen versorgt &#8211; wieder gehen und damit auch endlich wieder die Schule besuchen zu k\u00f6nnen. Dadurch bietet sich ihm jetzt doch noch die von ihm ersehnte M\u00f6glichkeit, sein Leben langfristig selber nach seinen eigenen W\u00fcnschen zu gestalten &#8211; sein Dank gilt Ihnen, liebe Spender! Vielen herzlichen Dank!<\/p>\n<p><img loading=\"lazy\" src=\"http:\/\/www.tulisa.org\/wp-content\/uploads\/2015\/03\/victor_nach_amputation1-254x300.jpg\" alt=\"victor_nach_amputation1\" width=\"254\" height=\"300\" class=\"alignleft size-medium wp-image-3201\" srcset=\"https:\/\/www.tulisa.org\/wp-content\/uploads\/2015\/03\/victor_nach_amputation1-254x300.jpg 254w, https:\/\/www.tulisa.org\/wp-content\/uploads\/2015\/03\/victor_nach_amputation1-867x1024.jpg 867w, https:\/\/www.tulisa.org\/wp-content\/uploads\/2015\/03\/victor_nach_amputation1.jpg 1360w\" sizes=\"(max-width: 254px) 100vw, 254px\" \/><img loading=\"lazy\" src=\"http:\/\/www.tulisa.org\/wp-content\/uploads\/2015\/03\/victor_nach_amputation2-199x300.jpg\" alt=\"victor_nach_amputation2\" width=\"199\" height=\"300\" class=\"alignleft size-medium wp-image-3202\" srcset=\"https:\/\/www.tulisa.org\/wp-content\/uploads\/2015\/03\/victor_nach_amputation2-199x300.jpg 199w, https:\/\/www.tulisa.org\/wp-content\/uploads\/2015\/03\/victor_nach_amputation2-680x1024.jpg 680w, https:\/\/www.tulisa.org\/wp-content\/uploads\/2015\/03\/victor_nach_amputation2.jpg 1360w\" sizes=\"(max-width: 199px) 100vw, 199px\" \/><\/p>\n<p>&#8212;&#8212;&#8212;&#8212;&#8212;&#8212;&#8212;&#8212;&#8212;&#8212;&#8212;&#8211;<br \/>\nDotty schrieb noch am 1.3.2015:<\/p>\n<blockquote><p>\nHi All,<\/p>\n<p>It has been quite a hectic week for me. Victor&#8217;s condition has been quite complicated with consultation here and there.<br \/>\nJust to bring you up to speed with the current state. On Friday the another sample was taken for test that yesterday revealed Victor having a sickle cell trait. This has brought a whole turn of events to the previous arrangement which was a procedure different from amputation.<br \/>\n<img loading=\"lazy\" src=\"http:\/\/www.tulisa.org\/wp-content\/uploads\/2014\/11\/victor-225x300.jpg\" alt=\"victor\" width=\"225\" height=\"300\" class=\"alignright size-medium wp-image-2742\" srcset=\"https:\/\/www.tulisa.org\/wp-content\/uploads\/2014\/11\/victor-225x300.jpg 225w, https:\/\/www.tulisa.org\/wp-content\/uploads\/2014\/11\/victor-768x1024.jpg 768w, https:\/\/www.tulisa.org\/wp-content\/uploads\/2014\/11\/victor.jpg 1150w\" sizes=\"(max-width: 225px) 100vw, 225px\" \/><br \/>\nNow tomorrow he has to undergo the surgery thus amputation of both legs. I left the hospital at 8pm when they were organizing blood transfusion.<br \/>\nHe also underwent several counseling sessions to reassure him and was shown previous success photos of similar nature.<br \/>\nVictor can\u00b4t wait to go back to school and that has been his question over and over that made one of the doctor&#8217;s almost emotional.<br \/>\nWe hope for the best. I will keep you posted i need a rest now as i have to be up by 4am to manage morning traffic.<br \/>\nThanks to you all.<\/p>\n<p>Always,<br \/>\nDottie\n<\/p><\/blockquote>\n<p>Die von Ihnen liebe Spender, finanzierte Diagnostik hat also ergeben woran Victor leidet &#8211; die <strong>Sichelzellen-Erkrankung<\/strong>:<\/p>\n<p>Die Sichelzellenerkrankung ist eine durch einen genetisch bedingten Defekt verursachte Blutarmut, bei der der vermehrte Abbau der roten Blutk\u00f6rperchen durch eine angeborene Fehlbildung im H\u00e4moglobin, dem roten Blutfarbstoff, verursacht wird. Die Erkrankung wird vererbt.<\/p>\n<p>Es kommt zu Schmerzattacken, die durch Gef\u00e4\u00dfverstopfungen in den verschiedenen Organen und die dadurch verursachten Sauerstoffmangelzust\u00e4nde mit nachfolgenden Gewebszerst\u00f6rungen hervorgerufen werden.<br \/>\nDer Verlauf der Krankheit ist durch episodenhafte, akute Blutarmutskrisen und Gef\u00e4\u00dfverschl\u00fcsse sowie durch einen immer wieder auftretenden vor\u00fcbergehenden Stillstand der Blutneubildung und vermehrter Infektanf\u00e4lligkeit gekennzeichnet. <\/p>\n<p>Durch die erw\u00e4hnte Gef\u00e4\u00dfverstopfung kann es zu einer Gewebszerst\u00f6rung (Nekrose) und einer dadurch bedingten Funktionsst\u00f6rung in verschiedenen Organen<br \/>\nkommen. Es k\u00f6nnen Infarkte, z.B. im Gehirn, in der Lunge, im Herz und \u2013 wie bei Viktor \u2013 in den Knochen entstehen. Durch den Tod des Knochens ist nun die Amputation beider Beine seine einzige Rettung.<br \/>\nHoffen wir, dass Victor trotz der Operation und durch eine anschlie\u00dfende Behandlung mit Prothesenversorgung und Krankengymnastik zu einem halbwegs normalen Leben findet\u2026 gerade jetzt braucht er Ihre Unterst\u00fctzung umso mehr!<\/p>\n","protected":false},"excerpt":{"rendered":"<p>UPDATE Juli 2015 Victor ist happy und nach einer langen Zeit mit einem Druckverband endlich bereit f\u00fcr seine Prothesen. Hierzu schrieb Dotty am 09.07.2015: Hi people, &#8230; I wish to bring to you Victor&#8217;s recent progress. He is doing well &hellip; <a href=\"https:\/\/www.tulisa.org\/en\/what-happend-to\/latest-news-victor-skin-disease-desperately-needs-support\">Continue reading <span class=\"meta-nav\">&rarr;<\/span><\/a><\/p>\n","protected":false},"author":4,"featured_media":3278,"comment_status":"closed","ping_status":"open","sticky":false,"template":"","format":"standard","meta":{"ngg_post_thumbnail":0},"categories":[27],"tags":[],"_links":{"self":[{"href":"https:\/\/www.tulisa.org\/en\/wp-json\/wp\/v2\/posts\/3111"}],"collection":[{"href":"https:\/\/www.tulisa.org\/en\/wp-json\/wp\/v2\/posts"}],"about":[{"href":"https:\/\/www.tulisa.org\/en\/wp-json\/wp\/v2\/types\/post"}],"author":[{"embeddable":true,"href":"https:\/\/www.tulisa.org\/en\/wp-json\/wp\/v2\/users\/4"}],"replies":[{"embeddable":true,"href":"https:\/\/www.tulisa.org\/en\/wp-json\/wp\/v2\/comments?post=3111"}],"version-history":[{"count":8,"href":"https:\/\/www.tulisa.org\/en\/wp-json\/wp\/v2\/posts\/3111\/revisions"}],"predecessor-version":[{"id":3280,"href":"https:\/\/www.tulisa.org\/en\/wp-json\/wp\/v2\/posts\/3111\/revisions\/3280"}],"wp:featuredmedia":[{"embeddable":true,"href":"https:\/\/www.tulisa.org\/en\/wp-json\/wp\/v2\/media\/3278"}],"wp:attachment":[{"href":"https:\/\/www.tulisa.org\/en\/wp-json\/wp\/v2\/media?parent=3111"}],"wp:term":[{"taxonomy":"category","embeddable":true,"href":"https:\/\/www.tulisa.org\/en\/wp-json\/wp\/v2\/categories?post=3111"},{"taxonomy":"post_tag","embeddable":true,"href":"https:\/\/www.tulisa.org\/en\/wp-json\/wp\/v2\/tags?post=3111"}],"curies":[{"name":"wp","href":"https:\/\/api.w.org\/{rel}","templated":true}]}}